{"id":1815,"date":"2022-10-11T12:43:49","date_gmt":"2022-10-11T10:43:49","guid":{"rendered":"https:\/\/ruimtevoorlopen.nl\/magazine\/?p=1815"},"modified":"2022-10-11T12:45:14","modified_gmt":"2022-10-11T10:45:14","slug":"draagt-shared-space-bij-aan-een-wandelvriendelijke-omgeving","status":"publish","type":"post","link":"https:\/\/ruimtevoorlopen.nl\/magazine\/editie-2\/draagt-shared-space-bij-aan-een-wandelvriendelijke-omgeving\/","title":{"rendered":"Draagt Shared Space bij aan een wandelvriendelijke omgeving?\u00a0"},"content":{"rendered":"\n<p class=\"has-grijs-2-color has-text-color\" style=\"font-size:24px\">\u201cVerkeersdeelnemers gaan meer op elkaar letten als je verkeerstekens verwijdert\u201d, meende de in 2008 overleden Hans Monderman. Hij was van huis uit verkeerskundige en eerste-steenlegger van Shared Space (gedeelde ruimte): een veelbelovend concept : zo zou de openbare ruimte beweegvriendelijker worden. Jeroen Hoyng, specialist beweegvriendelijke omgeving bij kenniscentrum Sport &amp; Bewegen, plaatst daar echter een aantal kritische kanttekeningen bij.&nbsp;<\/p>\n\n\n\n<h2 class=\"gb-headline gb-headline-6dfaaa69 gb-headline-text\">Wat is Shared Space?&nbsp;<\/h2>\n\n\n\n<p>Het uitgangspunt van Shared Space: een gedeelde openbare ruimte waar scheidingen tussen weggebruikers wegvallen of worden verzacht door hoogteverschillen. Mensen in plaats van verkeersborden; eigen verantwoordelijkheden in plaats van regels en stoplichten. De ruimte wordt multifunctioneel: er is geen aparte rijbaan, fietspad of stoep meer. Waardoor volgens de voorstanders meer recht wordt gedaan aan de verschillende functies en betekenissen die een gebied voor mensen vervult. En het verplaatsingsgedrag wordt zo be\u00efnvloed dat automobilisten zich te gast voelen.&nbsp;<\/p>\n\n\n\n<h2 class=\"gb-headline gb-headline-fc63402b gb-headline-text\">Niet geschikt voor iedereen of elke situatie&nbsp;<\/h2>\n\n\n\n<p>Lastig is alleen dat iedere verkeersdeelnemer een Shared Space naar eigen inschatting gebruikt. Een inschatting die je maakt op basis van het gedrag van \u00e1ndere deelnemers. Maar: er zijn groepen mensen die het lastig vinden om zo\u2019n inschatting te maken. Hoyng: \u201cMensen met een fysieke of mentale beperking, zoals mensen die blind of slechtziend zijn, doof of slechthorend, autisme hebben of dementerend zijn vinden het juist fijn om bijvoorbeeld de stoeprand te zien of te voelen. Zij hebben behoefte aan overzicht, duidelijkheid en veiligheid. Dat betekent overigens niet dat we Shared Space volledig afkeuren als concept; het heeft alleen z\u2019n beperkingen!\u201d&nbsp;<\/p>\n\n\n\n<h2 class=\"gb-headline gb-headline-208fa688 gb-headline-text\">Shared Space kan waarde toevoegen&nbsp;<\/h2>\n\n\n\n<p>In de ogen van Hoyng kan Shared Space in een specifieke vorm en in bepaalde verkeerssituaties een waardevolle toevoeging zijn. \u201cHet kan werken, bijvoorbeeld in een woonerf als het verkeer zich aanpast aan de voetgangers en spelende kinderen\u201d, aldus de vrijetijdwetenschapper. In andere situaties is bescherming van die voetganger vaak nodig: bijvoorbeeld als voetgangers zich onveilig voelen in een straat of bij&nbsp; het oversteken. Shared Space is volgens de wetenschapper zeer zeker niet de oplossing voor \u00e1lle verkeers\u00adproblemen.&nbsp;<\/p>\n\n\n\n<div class=\"wp-block-media-text alignwide has-media-on-the-right is-stacked-on-mobile\"><figure class=\"wp-block-media-text__media\"><img loading=\"lazy\" decoding=\"async\" width=\"1024\" height=\"683\" src=\"https:\/\/ruimtevoorlopen.nl\/magazine\/wp-content\/uploads\/2022\/10\/0-nieuw-220718-Zwolle-WilmarDik-114-WEB-1024x683.jpg\" alt=\"\" class=\"wp-image-1816 size-full\" srcset=\"https:\/\/ruimtevoorlopen.nl\/magazine\/wp-content\/uploads\/2022\/10\/0-nieuw-220718-Zwolle-WilmarDik-114-WEB-1024x683.jpg 1024w, https:\/\/ruimtevoorlopen.nl\/magazine\/wp-content\/uploads\/2022\/10\/0-nieuw-220718-Zwolle-WilmarDik-114-WEB-300x200.jpg 300w, https:\/\/ruimtevoorlopen.nl\/magazine\/wp-content\/uploads\/2022\/10\/0-nieuw-220718-Zwolle-WilmarDik-114-WEB-768x512.jpg 768w, https:\/\/ruimtevoorlopen.nl\/magazine\/wp-content\/uploads\/2022\/10\/0-nieuw-220718-Zwolle-WilmarDik-114-WEB-1536x1024.jpg 1536w, https:\/\/ruimtevoorlopen.nl\/magazine\/wp-content\/uploads\/2022\/10\/0-nieuw-220718-Zwolle-WilmarDik-114-WEB-2048x1365.jpg 2048w, https:\/\/ruimtevoorlopen.nl\/magazine\/wp-content\/uploads\/2022\/10\/0-nieuw-220718-Zwolle-WilmarDik-114-WEB-720x480.jpg 720w\" sizes=\"auto, (max-width: 1024px) 100vw, 1024px\" \/><\/figure><div class=\"wp-block-media-text__content\">\n<p class=\"has-text-align-center has-grijs-2-color has-text-color has-large-font-size\"><em>\u2018Shared Spaces beperken de impact van auto\u2019s, doorstroming van verkeer<br>staat n\u00edet meer op \u00e9\u00e9n.\u2019<\/em><\/p>\n<\/div><\/div>\n\n\n\n<h2 class=\"gb-headline gb-headline-54d5b7bb gb-headline-text\">Onveilig gevoel &nbsp;<\/h2>\n\n\n\n<p>Gemeengoed in de meeste Shared Spaces is het gevoel van onveiligheid. Een gevoel dat juist bij het idee hoort, volgens het kenniscentrum \u2018Shared Space\u2019. Sjoerd Nota: \u201cDoor verkeersdeelnemers te mengen worden mensen juist alerter. Ze gaan beter opletten en voorzichtiger rijden. Kortom: zich anders, objectief veiliger gedragen. Dit is aangetoond vanuit de omgevingspsychologie. Als mensen minder prikkels ervaren, als ze alles krijgen voorgekauwd door een aparte rijbaan, verkeersregels, borden en stoplichten, dan worden ze juist minder alert. Bij Shared Space voegen we die prikkels toe, wat helpt om het gedrag te veranderen.\u201d &nbsp;<\/p>\n\n\n\n<h2 class=\"gb-headline gb-headline-c903e832 gb-headline-text\">Mooiere en aantrekkelijkere omgeving &nbsp;<\/h2>\n\n\n\n<p>Een ander voordeel van Shared Space is dat de openbare ruimte mooier en vriendelijker oogt. Verkeersborden, drempels, belijning en andere verkeerselementen verdwijnen, wat het uiterlijk van een straat goed doet. Het geheel ziet er groener en spontaner, minder overzichtelijk uit, waardoor mensen liever, langer en vaker in zo\u2019n gebied verblijven. Nota: \u201cShared Spaces beperken de impact van auto\u2019s, doorstroming van verkeer staat niet meer op \u00e9\u00e9n. We maken de gebieden veel fijner om te verblijven. Door te kiezen voor bepaalde verharding (klinkers), veel groen en zitelementen als bankjes.&nbsp;<\/p>\n\n\n\n<p>We maken het de voetganger ook makkelijker, door instrumenten in te zetten die auto\u2019s doen vertragen. Denk aan: een verkeersdrempel voordat je de Shared Space inrijdt, een grote boom in de rij-lijn of zichtlijn of een bankje midden op het plein. Er zijn tal van opties die je kunt inzetten om auto\u2019s langzamer te laten rijden. Alles voor een goede verblijfskwaliteit, hogere verkeersveiligheid en betere beleving van onze omgeving.\u201d<\/p>\n\n\n\n<h2 class=\"gb-headline gb-headline-b3895aac gb-headline-text\">Succesverhalen van Shared Space<\/h2>\n\n\n\n<p>De bedenker van Shared Space, Monderman, was verbonden aan de provincie Friesland en initieerde veel projecten in het noorden van het land. Met succes: zelfs over de grenzen zie je gebieden die kenmerken van dit concept hebben. De meeste succesverhalen vind je echter toch in de bakermat van Monderman. Zo is het concept veelvuldig toegepast in Leeuwarden, bij het station en op het Beursplein. En ook in Groningen viert het hoogtij. Om bussen en auto\u2019s meer te weren uit de prachtige binnenstad kiest de gemeente hier voor een meer gemengde inrichting, waarbij autostructuren verdwijnen. Op dit moment is de Grote Markt aan de beurt: in de toekomst wordt dit een meer functionele ruimte, met veel gezamenlijke ruimte voor \u00e1lle verkeersdeelnemers.\u201d&nbsp;<\/p>\n\n\n\n<p>\u201cBij al deze voorbeelden zien we dat veel steden de ruimte steeds meer autovrij wil maken\u201d, legt Nota uit. \u201cVaak vinden ze dat echter (nog) een stap te ver. Vandaar dat ze kiezen voor deze minder traditionele verkeerskundige indeling, waar verblijven de meeste prioriteit heeft.\u201d&nbsp;<\/p>\n","protected":false},"excerpt":{"rendered":"<p>\u201cVerkeersdeelnemers gaan meer op elkaar letten als je verkeerstekens verwijdert\u201d, meende de in 2008 overleden Hans Monderman. Hij was van huis uit verkeerskundige en eerste-steenlegger van Shared Space (gedeelde ruimte): een veelbelovend concept : zo zou de openbare ruimte beweegvriendelijker worden. Jeroen Hoyng, specialist beweegvriendelijke omgeving bij kenniscentrum Sport &amp; Bewegen, plaatst daar echter een [&hellip;]<\/p>\n","protected":false},"author":2,"featured_media":1816,"comment_status":"closed","ping_status":"closed","sticky":false,"template":"","format":"standard","meta":{"_acf_changed":false,"footnotes":"","_links_to":"","_links_to_target":""},"categories":[3],"tags":[],"class_list":["post-1815","post","type-post","status-publish","format-standard","has-post-thumbnail","hentry","category-editie-2"],"acf":[],"_links":{"self":[{"href":"https:\/\/ruimtevoorlopen.nl\/magazine\/wp-json\/wp\/v2\/posts\/1815","targetHints":{"allow":["GET"]}}],"collection":[{"href":"https:\/\/ruimtevoorlopen.nl\/magazine\/wp-json\/wp\/v2\/posts"}],"about":[{"href":"https:\/\/ruimtevoorlopen.nl\/magazine\/wp-json\/wp\/v2\/types\/post"}],"author":[{"embeddable":true,"href":"https:\/\/ruimtevoorlopen.nl\/magazine\/wp-json\/wp\/v2\/users\/2"}],"replies":[{"embeddable":true,"href":"https:\/\/ruimtevoorlopen.nl\/magazine\/wp-json\/wp\/v2\/comments?post=1815"}],"version-history":[{"count":3,"href":"https:\/\/ruimtevoorlopen.nl\/magazine\/wp-json\/wp\/v2\/posts\/1815\/revisions"}],"predecessor-version":[{"id":1819,"href":"https:\/\/ruimtevoorlopen.nl\/magazine\/wp-json\/wp\/v2\/posts\/1815\/revisions\/1819"}],"wp:featuredmedia":[{"embeddable":true,"href":"https:\/\/ruimtevoorlopen.nl\/magazine\/wp-json\/wp\/v2\/media\/1816"}],"wp:attachment":[{"href":"https:\/\/ruimtevoorlopen.nl\/magazine\/wp-json\/wp\/v2\/media?parent=1815"}],"wp:term":[{"taxonomy":"category","embeddable":true,"href":"https:\/\/ruimtevoorlopen.nl\/magazine\/wp-json\/wp\/v2\/categories?post=1815"},{"taxonomy":"post_tag","embeddable":true,"href":"https:\/\/ruimtevoorlopen.nl\/magazine\/wp-json\/wp\/v2\/tags?post=1815"}],"curies":[{"name":"wp","href":"https:\/\/api.w.org\/{rel}","templated":true}]}}