{"id":1328,"date":"2022-09-01T13:05:12","date_gmt":"2022-09-01T11:05:12","guid":{"rendered":"https:\/\/ruimtevoorlopen.nl\/magazine\/?p=1328"},"modified":"2022-10-13T11:56:33","modified_gmt":"2022-10-13T09:56:33","slug":"outdoor-office-day-2022","status":"publish","type":"post","link":"https:\/\/ruimtevoorlopen.nl\/magazine\/editie-2\/outdoor-office-day-2022\/","title":{"rendered":"Outdoor Office Day 2022"},"content":{"rendered":"\n<p class=\"has-grijs-2-color has-text-color\" style=\"font-size:24px\">Op tientallen locaties in de wereld werkten mensen op 16 juni 2022 in de buitenlucht, tijdens de vierde internationale editie van Outdoor Office Day. Op deze zomerse dag spraken mensen af met een collega in een nabijgelegen stadspark, voerden buiten wandelend telefoongesprekken of organiseerden \u2018weetings\u2019 (walking meetings) met groepen collega\u2019s en relaties. Outdoor Office Day stimuleert mensen om een dag lang in het stedelijk groen te lezen, schrijven, overleggen, verbinden en vooral om te leren van elkaar.&nbsp;<\/p>\n\n\n\n<h2 class=\"gb-headline gb-headline-6b56f2b4 gb-headline-text\">Gezonder werken voor iedereen<\/h2>\n\n\n\n<p>Outdoor Office Day is het initiatief van Ioana Biris van Nature Desks, deelnemer van de City Deal Ruimte voor Lopen. Het is sinds de start in 2019 uitgegroeid tot een wereldwijde beweging waar bedrijven, zelfstandigen, instellingen en overheidsorganisaties zich actief bij aansluiten. Het succes bewijst de hypothese dat mensen persoonlijk \u00f3\u00f3k tijdens werktijden de gezondheidsvoordelen van de natuur willen ervaren. Frisse lucht en het fysiek buiten werken in het groen, zorgt voor minder stress en meer inspiratie, creativiteit en energie. Dit verhoogt bewezen de productiviteit en het welzijn van iedereen.&nbsp;<\/p>\n\n\n\n<p>Tijdens Outdoor Office Day ervaar je wat \u2018gezonder werken\u2019 voor jou en anderen kan betekenen. Je staat stil bij het belang van beweging en hoe de stedelijke natuur altijd deel kan uitmaken van je werkdag. De initiatiefnemers van Outdoor Office Day hebben de ambitie om een duurzame gedragsverandering op gang te brengen.&nbsp;<\/p>\n\n\n\n<p>De vierde editie van Outdoor Office Day vormde de directe aanleiding om het buiten lopen tijdens het werken nadrukkelijk onder de aandacht te brengen. Dit jaar lukte dat met veel media-aandacht, dankzij de inzet van samenwerkingspartner Alles is Gezondheid. De kernvraag was: Hoe kan wandelen in de publieke ruimte &#8211; vooral in het stedelijk groen &#8211; worden gebruikt om het welzijn van stadsbewoners te vergroten?<\/p>\n\n\n\n<div class=\"wp-block-media-text alignwide is-stacked-on-mobile has-grijs-4-background-color has-background\"><figure class=\"wp-block-media-text__media\"><img loading=\"lazy\" decoding=\"async\" width=\"1024\" height=\"683\" src=\"https:\/\/ruimtevoorlopen.nl\/magazine\/wp-content\/uploads\/2022\/10\/12-1024x683.jpg\" alt=\"\" class=\"wp-image-1373 size-full\" srcset=\"https:\/\/ruimtevoorlopen.nl\/magazine\/wp-content\/uploads\/2022\/10\/12-1024x683.jpg 1024w, https:\/\/ruimtevoorlopen.nl\/magazine\/wp-content\/uploads\/2022\/10\/12-300x200.jpg 300w, https:\/\/ruimtevoorlopen.nl\/magazine\/wp-content\/uploads\/2022\/10\/12-768x513.jpg 768w, https:\/\/ruimtevoorlopen.nl\/magazine\/wp-content\/uploads\/2022\/10\/12-1536x1025.jpg 1536w, https:\/\/ruimtevoorlopen.nl\/magazine\/wp-content\/uploads\/2022\/10\/12-2048x1367.jpg 2048w, https:\/\/ruimtevoorlopen.nl\/magazine\/wp-content\/uploads\/2022\/10\/12-720x480.jpg 720w\" sizes=\"auto, (max-width: 1024px) 100vw, 1024px\" \/><\/figure><div class=\"wp-block-media-text__content\">\n<h2 class=\"gb-headline gb-headline-bc4c848a gb-headline-text\"><strong>Timisoara, Roemeni\u00eb<\/strong><\/h2>\n\n\n\n<p><strong>Outdoor Office Day <\/strong>Iulius Mall georganiseerd door<br>Meaning and Fusion of Work &amp; partners<\/p>\n\n\n\n<p><em>Foto: Sebastian Capotescu\/ Anca Savu&nbsp;<\/em><\/p>\n<\/div><\/div>\n\n\n\n<h2 class=\"wp-block-heading\">Haags buitenkantoor<\/h2>\n\n\n\n<p>In het centrum van Den Haag werden de Koekamplaan en het Haagse Bos voor \u00e9\u00e9n dag omgetoverd tot een \u2018buitenwerkgebied\u2019 voor medewerkers van de Rijks-<br>overheid. Het event werd georganiseerd door Het Buitenkantoor en Nature Desks i.s.m. met Staatsbosbeheer. De organisaties FMHaaglanden en het Rijksprogramma Hybride Werken boden verschillende faciliteiten en workshops aan. Dit event in Den Haag trok de aandacht van landelijke media: een foto van een groep werkende mensen in het Haagse Bos stond op 17 juni in de rubriek De Wereld in Beeld van de Volkskrant.<\/p>\n\n\n\n<div class=\"wp-block-media-text alignwide has-media-on-the-right is-stacked-on-mobile has-grijs-4-background-color has-background\"><figure class=\"wp-block-media-text__media\"><img loading=\"lazy\" decoding=\"async\" width=\"1024\" height=\"768\" src=\"https:\/\/ruimtevoorlopen.nl\/magazine\/wp-content\/uploads\/2022\/10\/14-1024x768.jpg\" alt=\"\" class=\"wp-image-1378 size-full\" srcset=\"https:\/\/ruimtevoorlopen.nl\/magazine\/wp-content\/uploads\/2022\/10\/14-1024x768.jpg 1024w, https:\/\/ruimtevoorlopen.nl\/magazine\/wp-content\/uploads\/2022\/10\/14-300x225.jpg 300w, https:\/\/ruimtevoorlopen.nl\/magazine\/wp-content\/uploads\/2022\/10\/14-768x576.jpg 768w, https:\/\/ruimtevoorlopen.nl\/magazine\/wp-content\/uploads\/2022\/10\/14-1536x1152.jpg 1536w, https:\/\/ruimtevoorlopen.nl\/magazine\/wp-content\/uploads\/2022\/10\/14-2048x1536.jpg 2048w, https:\/\/ruimtevoorlopen.nl\/magazine\/wp-content\/uploads\/2022\/10\/14-720x540.jpg 720w\" sizes=\"auto, (max-width: 1024px) 100vw, 1024px\" \/><\/figure><div class=\"wp-block-media-text__content\">\n<h2 class=\"wp-block-heading\"><strong>Utrecht, Nederland<\/strong><\/h2>\n\n\n\n<p><strong>Outdoor Office Day<\/strong> in Hooch Boulandt en Moreelse\/ Utrecht, georganiseerd door Het Ondernemersfonds Utrecht. <\/p>\n\n\n\n<p><em>Foto: Kernteam Hooch Boulandt<\/em><\/p>\n<\/div><\/div>\n\n\n\n<h2 class=\"gb-headline gb-headline-6db9291f gb-headline-text\">Veel steden doen mee<\/h2>\n\n\n\n<p>In Amsterdam nodigde WanderWalk op Outdoor Office Day een groep duurzame koplopers uit om in het Westerpark de dag af te trappen door wandelend kennis te maken. Verderop in de stad verplaatsten medewerkers van het platform De Gezonde Stad hun werkzaamheden naar een tuin in het Oosterpark. In de Domstad richtte Ondernemersfonds Utrecht voor de tweede keer drie buitenlocaties in het centrum in als \u2018outdoor office\u2019 voor bedrijven. De consultancy Business Walk and Talk verzorgde in Rotterdam weeting-workshops en brainstormsessies. Breda Marketing transformeerde op Outdoor Office Day haar meetings in #weetings: het kantoor werd een picknicktafel in Stadspark Valkenberg. Iedereen die een dag lang buiten wilde werken kon ook terecht bij iconische &#8217;third place\u2019 locaties als Midwest in Amsterdam, Het Veerkwartier in Haarlem en Stadskwekerij de Kas in Rotterdam, die voor de gelegenheid hun deuren wijd open hadden gezet.&nbsp;<\/p>\n\n\n\n<div class=\"wp-block-media-text alignwide is-stacked-on-mobile has-grijs-4-background-color has-background\"><figure class=\"wp-block-media-text__media\"><img loading=\"lazy\" decoding=\"async\" width=\"1024\" height=\"683\" src=\"https:\/\/ruimtevoorlopen.nl\/magazine\/wp-content\/uploads\/2022\/10\/0-nieuwe-foto-voor-Den-Haag-door-Ioana-Biris-1024x683.jpg\" alt=\"\" class=\"wp-image-1381 size-full\" srcset=\"https:\/\/ruimtevoorlopen.nl\/magazine\/wp-content\/uploads\/2022\/10\/0-nieuwe-foto-voor-Den-Haag-door-Ioana-Biris-1024x683.jpg 1024w, https:\/\/ruimtevoorlopen.nl\/magazine\/wp-content\/uploads\/2022\/10\/0-nieuwe-foto-voor-Den-Haag-door-Ioana-Biris-300x200.jpg 300w, https:\/\/ruimtevoorlopen.nl\/magazine\/wp-content\/uploads\/2022\/10\/0-nieuwe-foto-voor-Den-Haag-door-Ioana-Biris-768x512.jpg 768w, https:\/\/ruimtevoorlopen.nl\/magazine\/wp-content\/uploads\/2022\/10\/0-nieuwe-foto-voor-Den-Haag-door-Ioana-Biris-1536x1024.jpg 1536w, https:\/\/ruimtevoorlopen.nl\/magazine\/wp-content\/uploads\/2022\/10\/0-nieuwe-foto-voor-Den-Haag-door-Ioana-Biris-720x480.jpg 720w, https:\/\/ruimtevoorlopen.nl\/magazine\/wp-content\/uploads\/2022\/10\/0-nieuwe-foto-voor-Den-Haag-door-Ioana-Biris.jpg 1776w\" sizes=\"auto, (max-width: 1024px) 100vw, 1024px\" \/><\/figure><div class=\"wp-block-media-text__content\">\n<h2 class=\"gb-headline gb-headline-33a86c3a gb-headline-text\"><strong>Den Haag, Nederland<\/strong><\/h2>\n\n\n\n<p><strong>Outdoor Office Day<\/strong> in Den Haag, Nederland<\/p>\n\n\n\n<p><em>Foto: Ioana Biris | Nature Desks<\/em><\/p>\n<\/div><\/div>\n\n\n\n<h2 class=\"wp-block-heading\">Internationale aandacht<\/h2>\n\n\n\n<p>Op sociale media vierden talloze deelnemers &#8211; individuen, locaties, scholen of bedrijven \u2013 de dag met de vermelding van de hashtag #OutdoorOfficeDay. Een kleine greep uit de vele initiatieven. Zo werden in Zweden tijdens de Helsingborg H22 City Expo de tuinen van het Fredriksdal Museum getransformeerd in \u00e9\u00e9n groot buitenkantoor. Het museum organiseerde samen met onderzoek- en designcollectief Superlab een Outdoor Office Day conferentie. Op de M\u00e4lardalen University in V\u00e4ster\u00e5s en Eskilstuna werden openbare minicolleges gegeven en studentenprojecten getoond. Het Finse gezondheidsplatform Meij\u00e4n polku werd de grootste ambassadeur van Outdoor Office Day in Finland. In de Zuid-Koreaanse hoofdstad Seoul trapten de placemakers van Hoppers op 16 juni 2022 af met de campagne \u201cPark Hopping\u201d in het Seoul Innovation Park. In de Roemeense grensstad Timi\u0219oara (Europese Culturele Hoofdstad 2023) organiseerde partner Ergo Work twee grootschalige Outdoor Office Day events in het kader van het Meaning and Fusion of Work programma. Buiten de events om nodigden organisaties zoals NetWalking uit de VS, het Britse Slowways en stichting London National Park City, het Duitse MYBusinessCamp en het Youth Advocate Program (actief in VS, Australi\u00eb, Guatemala, Ierland en Sierra Leone) hun medewerkers en stakeholders uit Outdoor Office Day buiten in het stedelijk groen te vieren.&nbsp;<\/p>\n\n\n\n<div class=\"wp-block-media-text alignwide has-media-on-the-right is-stacked-on-mobile has-grijs-4-background-color has-background\"><figure class=\"wp-block-media-text__media\"><img loading=\"lazy\" decoding=\"async\" width=\"1024\" height=\"683\" src=\"https:\/\/ruimtevoorlopen.nl\/magazine\/wp-content\/uploads\/2022\/10\/11-1024x683.jpg\" alt=\"\" class=\"wp-image-1384 size-full\" srcset=\"https:\/\/ruimtevoorlopen.nl\/magazine\/wp-content\/uploads\/2022\/10\/11-1024x683.jpg 1024w, https:\/\/ruimtevoorlopen.nl\/magazine\/wp-content\/uploads\/2022\/10\/11-300x200.jpg 300w, https:\/\/ruimtevoorlopen.nl\/magazine\/wp-content\/uploads\/2022\/10\/11-768x513.jpg 768w, https:\/\/ruimtevoorlopen.nl\/magazine\/wp-content\/uploads\/2022\/10\/11-1536x1025.jpg 1536w, https:\/\/ruimtevoorlopen.nl\/magazine\/wp-content\/uploads\/2022\/10\/11-2048x1367.jpg 2048w, https:\/\/ruimtevoorlopen.nl\/magazine\/wp-content\/uploads\/2022\/10\/11-720x480.jpg 720w\" sizes=\"auto, (max-width: 1024px) 100vw, 1024px\" \/><\/figure><div class=\"wp-block-media-text__content\">\n<h2 class=\"wp-block-heading\"><strong>Timisoara, Roemeni\u00eb<\/strong><\/h2>\n\n\n\n<p><strong>Outdoor Office Day<\/strong> Iulius Mall georganiseerd door&nbsp;Meaning and Fusion of Work &amp; partners<\/p>\n\n\n\n<p><em>Foto: Sebastian Capotescu\/ Anca Savu&nbsp;<\/em><\/p>\n<\/div><\/div>\n\n\n\n<h2 class=\"gb-headline gb-headline-1fb55669 gb-headline-text\">Outdoor Office Day 2023<\/h2>\n\n\n\n<p>Op 15 juni 2023 volgt de 5e editie van de #OutdoorOfficeDay. Tot die tijd gebruikt Nature Desks het online platform en de sociale media om nog meer inspirerende initiatieven te ontdekken, deze verhalen te delen en initiatieven met elkaar te verbinden. Via outdoorofficeday.nl willen we van elkaar leren. Samen met partners van de voorgaande edities van Outdoor Office Day werken we bijvoorbeeld aan een prototype van een object, wat het buiten werken moet activeren. Er wordt onderzoek gedaan naar de relatie tussen buiten werken en gezondheid en er wordt kennis verzameld. Outdoor Office Day groeit uit tot een internationaal platform waar alles te vinden is om gezonder werken in de stedelijke natuur actief aan te moedigen.&nbsp;<\/p>\n\n\n\n<h2 class=\"wp-block-heading\"><\/h2>\n\n\n<div class=\"gb-container gb-container-5a362852\"><div class=\"gb-inside-container\">\n\n<div class=\"wp-block-buttons is-layout-flex wp-block-buttons-is-layout-flex\">\n<div class=\"wp-block-button aligncenter\"><a class=\"wp-block-button__link has-wit-color has-donkerblauw-background-color has-text-color has-background\" href=\"https:\/\/www.outdoorofficeday.nl\" target=\"_blank\" rel=\"noreferrer noopener\">Sluit je aan bij de lustrumeditie van Outdoor Office Day op 15 juni 2023<\/a><\/div>\n<\/div>\n\n<\/div><\/div>","protected":false},"excerpt":{"rendered":"<p>Op tientallen locaties in de wereld werkten mensen op 16 juni 2022 in de buitenlucht, tijdens de vierde internationale editie van Outdoor Office Day. Op deze zomerse dag spraken mensen af met een collega in een nabijgelegen stadspark, voerden buiten wandelend telefoongesprekken of organiseerden \u2018weetings\u2019 (walking meetings) met groepen collega\u2019s en relaties. Outdoor Office Day [&hellip;]<\/p>\n","protected":false},"author":2,"featured_media":1364,"comment_status":"closed","ping_status":"closed","sticky":false,"template":"","format":"standard","meta":{"_acf_changed":false,"footnotes":"","_links_to":"","_links_to_target":""},"categories":[3],"tags":[],"class_list":["post-1328","post","type-post","status-publish","format-standard","has-post-thumbnail","hentry","category-editie-2"],"acf":[],"_links":{"self":[{"href":"https:\/\/ruimtevoorlopen.nl\/magazine\/wp-json\/wp\/v2\/posts\/1328","targetHints":{"allow":["GET"]}}],"collection":[{"href":"https:\/\/ruimtevoorlopen.nl\/magazine\/wp-json\/wp\/v2\/posts"}],"about":[{"href":"https:\/\/ruimtevoorlopen.nl\/magazine\/wp-json\/wp\/v2\/types\/post"}],"author":[{"embeddable":true,"href":"https:\/\/ruimtevoorlopen.nl\/magazine\/wp-json\/wp\/v2\/users\/2"}],"replies":[{"embeddable":true,"href":"https:\/\/ruimtevoorlopen.nl\/magazine\/wp-json\/wp\/v2\/comments?post=1328"}],"version-history":[{"count":20,"href":"https:\/\/ruimtevoorlopen.nl\/magazine\/wp-json\/wp\/v2\/posts\/1328\/revisions"}],"predecessor-version":[{"id":2212,"href":"https:\/\/ruimtevoorlopen.nl\/magazine\/wp-json\/wp\/v2\/posts\/1328\/revisions\/2212"}],"wp:featuredmedia":[{"embeddable":true,"href":"https:\/\/ruimtevoorlopen.nl\/magazine\/wp-json\/wp\/v2\/media\/1364"}],"wp:attachment":[{"href":"https:\/\/ruimtevoorlopen.nl\/magazine\/wp-json\/wp\/v2\/media?parent=1328"}],"wp:term":[{"taxonomy":"category","embeddable":true,"href":"https:\/\/ruimtevoorlopen.nl\/magazine\/wp-json\/wp\/v2\/categories?post=1328"},{"taxonomy":"post_tag","embeddable":true,"href":"https:\/\/ruimtevoorlopen.nl\/magazine\/wp-json\/wp\/v2\/tags?post=1328"}],"curies":[{"name":"wp","href":"https:\/\/api.w.org\/{rel}","templated":true}]}}